{"id":9794,"date":"2020-10-29T23:52:33","date_gmt":"2020-10-29T22:52:33","guid":{"rendered":"https:\/\/fabricadaspeugas.com\/?p=9794"},"modified":"2020-10-29T23:55:54","modified_gmt":"2020-10-29T22:55:54","slug":"e-commerce-do-ano-em-vestuario-e-calcado","status":"publish","type":"post","link":"https:\/\/fabricadaspeugas.com\/pt_pt\/e-commerce-do-ano-em-vestuario-e-calcado\/","title":{"rendered":"E-commerce do Ano em Vestu\u00e1rio e Cal\u00e7ado"},"content":{"rendered":"\n<p>\u00c9 com enorme orgulho que partilhamos mais uma vit\u00f3ria. A <strong><a href=\"https:\/\/fabricadaspeugas.com\">F\u00e1brica das Pe\u00fagas<\/a><\/strong> recebeu a Medalha de Bronze, na categoria <strong>E-commerce do Ano em Melhor a Cumprir Prazos de Envio\/Entrega<\/strong>, na 1\u00aa Edi\u00e7\u00e3o do <strong><a href=\"https:\/\/www.portugalecommerceawards.com\/\" target=\"_blank\" rel=\"noreferrer noopener\">Portugal E-commerce Awards<\/a><\/strong>. <\/p>\n\n\n\n<p>Esta premia\u00e7\u00e3o visa distinguir os melhores projetos de E-commerce de Portugal, tendo em conta a sua inova\u00e7\u00e3o, tecnologia, criatividade, conforto, sustentabilidade e modernidade. <img loading=\"lazy\" decoding=\"async\" width=\"16\" height=\"16\" alt=\"\ud83c\udfc6\" src=\"https:\/\/static.xx.fbcdn.net\/images\/emoji.php\/v9\/tbe\/1\/16\/1f3c6.png\"><img loading=\"lazy\" decoding=\"async\" width=\"16\" height=\"16\" alt=\"\ud83e\udd49\" src=\"https:\/\/static.xx.fbcdn.net\/images\/emoji.php\/v9\/t96\/1\/16\/1f949.png\"><\/p>\n\n\n\n<p>Obrigado pela sua confian\u00e7a!<\/p>\n","protected":false},"excerpt":{"rendered":"<p>\u00c9 com enorme orgulho que partilhamos mais uma vit\u00f3ria. A F\u00e1brica das Pe\u00fagas recebeu a Medalha de Bronze, na categoria E-commerce do Ano em Melhor a Cumprir Prazos de Envio\/Entrega, na 1\u00aa Edi\u00e7\u00e3o do Portugal E-commerce Awards. Esta premia\u00e7\u00e3o visa distinguir os melhores projetos de E-commerce de Portugal, tendo em conta a sua inova\u00e7\u00e3o, tecnologia, [&hellip;]<\/p>\n","protected":false},"author":1,"featured_media":9795,"comment_status":"open","ping_status":"open","sticky":false,"template":"","format":"standard","meta":{"footnotes":""},"categories":[340,696],"tags":[],"class_list":["post-9794","post","type-post","status-publish","format-standard","has-post-thumbnail","hentry","category-fabrica-das-peugas","category-premios"],"yoast_head":"<!-- This site is optimized with the Yoast SEO plugin v27.5 - https:\/\/yoast.com\/product\/yoast-seo-wordpress\/ -->\n<title>E-commerce do Ano em Vestu\u00e1rio e Cal\u00e7ado &#8211; F\u00e1brica das Pe\u00fagas\u00ae - N\u00e3o s\u00e3o s\u00f3 pe\u00fagas!<\/title>\n<meta name=\"description\" content=\"Medalha de Bronze, na categoria E-commerce do Ano em Melhor a Cumprir Prazos de Envio\/Entrega, na 1\u00aa Edi\u00e7\u00e3o do Portugal E-commerce Awards.\" \/>\n<meta name=\"robots\" content=\"index, follow, max-snippet:-1, max-image-preview:large, max-video-preview:-1\" \/>\n<link rel=\"canonical\" href=\"https:\/\/fabricadaspeugas.com\/pt_pt\/e-commerce-do-ano-em-vestuario-e-calcado\/\" \/>\n<meta property=\"og:locale\" content=\"pt_PT\" \/>\n<meta property=\"og:type\" content=\"article\" \/>\n<meta property=\"og:title\" content=\"E-commerce do Ano em Vestu\u00e1rio e Cal\u00e7ado &#8211; F\u00e1brica das Pe\u00fagas\u00ae - N\u00e3o s\u00e3o s\u00f3 pe\u00fagas!\" \/>\n<meta property=\"og:description\" content=\"Medalha de Bronze, na categoria E-commerce do Ano em Melhor a Cumprir Prazos de Envio\/Entrega, na 1\u00aa Edi\u00e7\u00e3o do Portugal E-commerce Awards.\" \/>\n<meta property=\"og:url\" content=\"https:\/\/fabricadaspeugas.com\/pt_pt\/e-commerce-do-ano-em-vestuario-e-calcado\/\" \/>\n<meta property=\"og:site_name\" content=\"F\u00e1brica das Pe\u00fagas\u00ae - N\u00e3o s\u00e3o s\u00f3 pe\u00fagas!\" \/>\n<meta property=\"article:publisher\" content=\"https:\/\/www.facebook.com\/fabricadaspeugas\" \/>\n<meta property=\"article:published_time\" content=\"2020-10-29T22:52:33+00:00\" \/>\n<meta property=\"article:modified_time\" content=\"2020-10-29T22:55:54+00:00\" \/>\n<meta property=\"og:image\" content=\"https:\/\/fabricadaspeugas.com\/wp-content\/uploads\/2020\/10\/123166544_190808589281784_1237056816552176708_o.png\" \/>\n\t<meta property=\"og:image:width\" content=\"2048\" \/>\n\t<meta property=\"og:image:height\" content=\"2047\" \/>\n\t<meta property=\"og:image:type\" content=\"image\/png\" \/>\n<meta name=\"author\" content=\"F\u00e1brica das Pe\u00fagas\" \/>\n<meta name=\"twitter:card\" content=\"summary_large_image\" \/>\n<meta name=\"twitter:label1\" content=\"Escrito por\" \/>\n\t<meta name=\"twitter:data1\" content=\"F\u00e1brica das Pe\u00fagas\" \/>\n<script type=\"application\/ld+json\" class=\"yoast-schema-graph\">{\"@context\":\"https:\\\/\\\/schema.org\",\"@graph\":[{\"@type\":\"Article\",\"@id\":\"https:\\\/\\\/fabricadaspeugas.com\\\/e-commerce-do-ano-em-vestuario-e-calcado\\\/#article\",\"isPartOf\":{\"@id\":\"https:\\\/\\\/fabricadaspeugas.com\\\/e-commerce-do-ano-em-vestuario-e-calcado\\\/\"},\"author\":{\"name\":\"F\u00e1brica das Pe\u00fagas\",\"@id\":\"https:\\\/\\\/fabricadaspeugas.com\\\/#\\\/schema\\\/person\\\/71fc0f2aac2735e0b74f453faa94c9bd\"},\"headline\":\"E-commerce do Ano em Vestu\u00e1rio e Cal\u00e7ado\",\"datePublished\":\"2020-10-29T22:52:33+00:00\",\"dateModified\":\"2020-10-29T22:55:54+00:00\",\"mainEntityOfPage\":{\"@id\":\"https:\\\/\\\/fabricadaspeugas.com\\\/e-commerce-do-ano-em-vestuario-e-calcado\\\/\"},\"wordCount\":79,\"commentCount\":0,\"publisher\":{\"@id\":\"https:\\\/\\\/fabricadaspeugas.com\\\/#organization\"},\"image\":{\"@id\":\"https:\\\/\\\/fabricadaspeugas.com\\\/e-commerce-do-ano-em-vestuario-e-calcado\\\/#primaryimage\"},\"thumbnailUrl\":\"https:\\\/\\\/fabricadaspeugas.com\\\/wp-content\\\/uploads\\\/2020\\\/10\\\/123166544_190808589281784_1237056816552176708_o.png\",\"articleSection\":[\"F\u00e1brica das Pe\u00fagas\",\"Pr\u00e9mios\"],\"inLanguage\":\"pt-PT\",\"potentialAction\":[{\"@type\":\"CommentAction\",\"name\":\"Comment\",\"target\":[\"https:\\\/\\\/fabricadaspeugas.com\\\/e-commerce-do-ano-em-vestuario-e-calcado\\\/#respond\"]}]},{\"@type\":\"WebPage\",\"@id\":\"https:\\\/\\\/fabricadaspeugas.com\\\/e-commerce-do-ano-em-vestuario-e-calcado\\\/\",\"url\":\"https:\\\/\\\/fabricadaspeugas.com\\\/e-commerce-do-ano-em-vestuario-e-calcado\\\/\",\"name\":\"E-commerce do Ano em Vestu\u00e1rio e Cal\u00e7ado &#8211; F\u00e1brica das Pe\u00fagas\u00ae - N\u00e3o s\u00e3o s\u00f3 pe\u00fagas!\",\"isPartOf\":{\"@id\":\"https:\\\/\\\/fabricadaspeugas.com\\\/#website\"},\"primaryImageOfPage\":{\"@id\":\"https:\\\/\\\/fabricadaspeugas.com\\\/e-commerce-do-ano-em-vestuario-e-calcado\\\/#primaryimage\"},\"image\":{\"@id\":\"https:\\\/\\\/fabricadaspeugas.com\\\/e-commerce-do-ano-em-vestuario-e-calcado\\\/#primaryimage\"},\"thumbnailUrl\":\"https:\\\/\\\/fabricadaspeugas.com\\\/wp-content\\\/uploads\\\/2020\\\/10\\\/123166544_190808589281784_1237056816552176708_o.png\",\"datePublished\":\"2020-10-29T22:52:33+00:00\",\"dateModified\":\"2020-10-29T22:55:54+00:00\",\"description\":\"Medalha de Bronze, na categoria E-commerce do Ano em Melhor a Cumprir Prazos de Envio\\\/Entrega, na 1\u00aa Edi\u00e7\u00e3o do Portugal E-commerce Awards.\",\"breadcrumb\":{\"@id\":\"https:\\\/\\\/fabricadaspeugas.com\\\/e-commerce-do-ano-em-vestuario-e-calcado\\\/#breadcrumb\"},\"inLanguage\":\"pt-PT\",\"potentialAction\":[{\"@type\":\"ReadAction\",\"target\":[\"https:\\\/\\\/fabricadaspeugas.com\\\/e-commerce-do-ano-em-vestuario-e-calcado\\\/\"]}]},{\"@type\":\"ImageObject\",\"inLanguage\":\"pt-PT\",\"@id\":\"https:\\\/\\\/fabricadaspeugas.com\\\/e-commerce-do-ano-em-vestuario-e-calcado\\\/#primaryimage\",\"url\":\"https:\\\/\\\/fabricadaspeugas.com\\\/wp-content\\\/uploads\\\/2020\\\/10\\\/123166544_190808589281784_1237056816552176708_o.png\",\"contentUrl\":\"https:\\\/\\\/fabricadaspeugas.com\\\/wp-content\\\/uploads\\\/2020\\\/10\\\/123166544_190808589281784_1237056816552176708_o.png\",\"width\":2048,\"height\":2047},{\"@type\":\"BreadcrumbList\",\"@id\":\"https:\\\/\\\/fabricadaspeugas.com\\\/e-commerce-do-ano-em-vestuario-e-calcado\\\/#breadcrumb\",\"itemListElement\":[{\"@type\":\"ListItem\",\"position\":1,\"name\":\"In\u00edcio\",\"item\":\"https:\\\/\\\/fabricadaspeugas.com\\\/\"},{\"@type\":\"ListItem\",\"position\":2,\"name\":\"E-commerce do Ano em Vestu\u00e1rio e Cal\u00e7ado\"}]},{\"@type\":\"WebSite\",\"@id\":\"https:\\\/\\\/fabricadaspeugas.com\\\/#website\",\"url\":\"https:\\\/\\\/fabricadaspeugas.com\\\/\",\"name\":\"F\u00e1brica das Pe\u00fagas\u00ae - N\u00e3o s\u00e3o s\u00f3 pe\u00fagas!\",\"description\":\"Pe\u00fagas divertidas, casuais, desportivas e confort\u00e1veis. Desfrute de conforto e qualidade incompar\u00e1veis \u200b\u200ba cada passo.\",\"publisher\":{\"@id\":\"https:\\\/\\\/fabricadaspeugas.com\\\/#organization\"},\"potentialAction\":[{\"@type\":\"SearchAction\",\"target\":{\"@type\":\"EntryPoint\",\"urlTemplate\":\"https:\\\/\\\/fabricadaspeugas.com\\\/?s={search_term_string}\"},\"query-input\":{\"@type\":\"PropertyValueSpecification\",\"valueRequired\":true,\"valueName\":\"search_term_string\"}}],\"inLanguage\":\"pt-PT\"},{\"@type\":\"Organization\",\"@id\":\"https:\\\/\\\/fabricadaspeugas.com\\\/#organization\",\"name\":\"F\u00e1brica das Pe\u00fagas\u00ae\",\"url\":\"https:\\\/\\\/fabricadaspeugas.com\\\/\",\"logo\":{\"@type\":\"ImageObject\",\"inLanguage\":\"pt-PT\",\"@id\":\"https:\\\/\\\/fabricadaspeugas.com\\\/#\\\/schema\\\/logo\\\/image\\\/\",\"url\":\"https:\\\/\\\/fabricadaspeugas.com\\\/wp-content\\\/uploads\\\/2025\\\/05\\\/fabrica_das_peugas_logov3.png\",\"contentUrl\":\"https:\\\/\\\/fabricadaspeugas.com\\\/wp-content\\\/uploads\\\/2025\\\/05\\\/fabrica_das_peugas_logov3.png\",\"width\":200,\"height\":121,\"caption\":\"F\u00e1brica das Pe\u00fagas\u00ae\"},\"image\":{\"@id\":\"https:\\\/\\\/fabricadaspeugas.com\\\/#\\\/schema\\\/logo\\\/image\\\/\"},\"sameAs\":[\"https:\\\/\\\/www.facebook.com\\\/fabricadaspeugas\",\"https:\\\/\\\/www.instagram.com\\\/fabrica.das.peugas\\\/\"]},{\"@type\":\"Person\",\"@id\":\"https:\\\/\\\/fabricadaspeugas.com\\\/#\\\/schema\\\/person\\\/71fc0f2aac2735e0b74f453faa94c9bd\",\"name\":\"F\u00e1brica das Pe\u00fagas\",\"image\":{\"@type\":\"ImageObject\",\"inLanguage\":\"pt-PT\",\"@id\":\"https:\\\/\\\/secure.gravatar.com\\\/avatar\\\/def4556a8b729127fd8d645ec0e76496b71d2e96904b76a77d5b509317ff4749?s=96&d=mm&r=g\",\"url\":\"https:\\\/\\\/secure.gravatar.com\\\/avatar\\\/def4556a8b729127fd8d645ec0e76496b71d2e96904b76a77d5b509317ff4749?s=96&d=mm&r=g\",\"contentUrl\":\"https:\\\/\\\/secure.gravatar.com\\\/avatar\\\/def4556a8b729127fd8d645ec0e76496b71d2e96904b76a77d5b509317ff4749?s=96&d=mm&r=g\",\"caption\":\"F\u00e1brica das Pe\u00fagas\"},\"sameAs\":[\"https:\\\/\\\/fabricadaspeugas.com\"]}]}<\/script>\n<!-- \/ Yoast SEO plugin. -->","yoast_head_json":{"title":"E-commerce do Ano em Vestu\u00e1rio e Cal\u00e7ado &#8211; F\u00e1brica das Pe\u00fagas\u00ae - N\u00e3o s\u00e3o s\u00f3 pe\u00fagas!","description":"Medalha de Bronze, na categoria E-commerce do Ano em Melhor a Cumprir Prazos de Envio\/Entrega, na 1\u00aa Edi\u00e7\u00e3o do Portugal E-commerce Awards.","robots":{"index":"index","follow":"follow","max-snippet":"max-snippet:-1","max-image-preview":"max-image-preview:large","max-video-preview":"max-video-preview:-1"},"canonical":"https:\/\/fabricadaspeugas.com\/pt_pt\/e-commerce-do-ano-em-vestuario-e-calcado\/","og_locale":"pt_PT","og_type":"article","og_title":"E-commerce do Ano em Vestu\u00e1rio e Cal\u00e7ado &#8211; F\u00e1brica das Pe\u00fagas\u00ae - N\u00e3o s\u00e3o s\u00f3 pe\u00fagas!","og_description":"Medalha de Bronze, na categoria E-commerce do Ano em Melhor a Cumprir Prazos de Envio\/Entrega, na 1\u00aa Edi\u00e7\u00e3o do Portugal E-commerce Awards.","og_url":"https:\/\/fabricadaspeugas.com\/pt_pt\/e-commerce-do-ano-em-vestuario-e-calcado\/","og_site_name":"F\u00e1brica das Pe\u00fagas\u00ae - N\u00e3o s\u00e3o s\u00f3 pe\u00fagas!","article_publisher":"https:\/\/www.facebook.com\/fabricadaspeugas","article_published_time":"2020-10-29T22:52:33+00:00","article_modified_time":"2020-10-29T22:55:54+00:00","og_image":[{"width":2048,"height":2047,"url":"https:\/\/fabricadaspeugas.com\/wp-content\/uploads\/2020\/10\/123166544_190808589281784_1237056816552176708_o.png","type":"image\/png"}],"author":"F\u00e1brica das Pe\u00fagas","twitter_card":"summary_large_image","twitter_misc":{"Escrito por":"F\u00e1brica das Pe\u00fagas"},"schema":{"@context":"https:\/\/schema.org","@graph":[{"@type":"Article","@id":"https:\/\/fabricadaspeugas.com\/e-commerce-do-ano-em-vestuario-e-calcado\/#article","isPartOf":{"@id":"https:\/\/fabricadaspeugas.com\/e-commerce-do-ano-em-vestuario-e-calcado\/"},"author":{"name":"F\u00e1brica das Pe\u00fagas","@id":"https:\/\/fabricadaspeugas.com\/#\/schema\/person\/71fc0f2aac2735e0b74f453faa94c9bd"},"headline":"E-commerce do Ano em Vestu\u00e1rio e Cal\u00e7ado","datePublished":"2020-10-29T22:52:33+00:00","dateModified":"2020-10-29T22:55:54+00:00","mainEntityOfPage":{"@id":"https:\/\/fabricadaspeugas.com\/e-commerce-do-ano-em-vestuario-e-calcado\/"},"wordCount":79,"commentCount":0,"publisher":{"@id":"https:\/\/fabricadaspeugas.com\/#organization"},"image":{"@id":"https:\/\/fabricadaspeugas.com\/e-commerce-do-ano-em-vestuario-e-calcado\/#primaryimage"},"thumbnailUrl":"https:\/\/fabricadaspeugas.com\/wp-content\/uploads\/2020\/10\/123166544_190808589281784_1237056816552176708_o.png","articleSection":["F\u00e1brica das Pe\u00fagas","Pr\u00e9mios"],"inLanguage":"pt-PT","potentialAction":[{"@type":"CommentAction","name":"Comment","target":["https:\/\/fabricadaspeugas.com\/e-commerce-do-ano-em-vestuario-e-calcado\/#respond"]}]},{"@type":"WebPage","@id":"https:\/\/fabricadaspeugas.com\/e-commerce-do-ano-em-vestuario-e-calcado\/","url":"https:\/\/fabricadaspeugas.com\/e-commerce-do-ano-em-vestuario-e-calcado\/","name":"E-commerce do Ano em Vestu\u00e1rio e Cal\u00e7ado &#8211; F\u00e1brica das Pe\u00fagas\u00ae - N\u00e3o s\u00e3o s\u00f3 pe\u00fagas!","isPartOf":{"@id":"https:\/\/fabricadaspeugas.com\/#website"},"primaryImageOfPage":{"@id":"https:\/\/fabricadaspeugas.com\/e-commerce-do-ano-em-vestuario-e-calcado\/#primaryimage"},"image":{"@id":"https:\/\/fabricadaspeugas.com\/e-commerce-do-ano-em-vestuario-e-calcado\/#primaryimage"},"thumbnailUrl":"https:\/\/fabricadaspeugas.com\/wp-content\/uploads\/2020\/10\/123166544_190808589281784_1237056816552176708_o.png","datePublished":"2020-10-29T22:52:33+00:00","dateModified":"2020-10-29T22:55:54+00:00","description":"Medalha de Bronze, na categoria E-commerce do Ano em Melhor a Cumprir Prazos de Envio\/Entrega, na 1\u00aa Edi\u00e7\u00e3o do Portugal E-commerce Awards.","breadcrumb":{"@id":"https:\/\/fabricadaspeugas.com\/e-commerce-do-ano-em-vestuario-e-calcado\/#breadcrumb"},"inLanguage":"pt-PT","potentialAction":[{"@type":"ReadAction","target":["https:\/\/fabricadaspeugas.com\/e-commerce-do-ano-em-vestuario-e-calcado\/"]}]},{"@type":"ImageObject","inLanguage":"pt-PT","@id":"https:\/\/fabricadaspeugas.com\/e-commerce-do-ano-em-vestuario-e-calcado\/#primaryimage","url":"https:\/\/fabricadaspeugas.com\/wp-content\/uploads\/2020\/10\/123166544_190808589281784_1237056816552176708_o.png","contentUrl":"https:\/\/fabricadaspeugas.com\/wp-content\/uploads\/2020\/10\/123166544_190808589281784_1237056816552176708_o.png","width":2048,"height":2047},{"@type":"BreadcrumbList","@id":"https:\/\/fabricadaspeugas.com\/e-commerce-do-ano-em-vestuario-e-calcado\/#breadcrumb","itemListElement":[{"@type":"ListItem","position":1,"name":"In\u00edcio","item":"https:\/\/fabricadaspeugas.com\/"},{"@type":"ListItem","position":2,"name":"E-commerce do Ano em Vestu\u00e1rio e Cal\u00e7ado"}]},{"@type":"WebSite","@id":"https:\/\/fabricadaspeugas.com\/#website","url":"https:\/\/fabricadaspeugas.com\/","name":"F\u00e1brica das Pe\u00fagas\u00ae - N\u00e3o s\u00e3o s\u00f3 pe\u00fagas!","description":"Pe\u00fagas divertidas, casuais, desportivas e confort\u00e1veis. Desfrute de conforto e qualidade incompar\u00e1veis \u200b\u200ba cada passo.","publisher":{"@id":"https:\/\/fabricadaspeugas.com\/#organization"},"potentialAction":[{"@type":"SearchAction","target":{"@type":"EntryPoint","urlTemplate":"https:\/\/fabricadaspeugas.com\/?s={search_term_string}"},"query-input":{"@type":"PropertyValueSpecification","valueRequired":true,"valueName":"search_term_string"}}],"inLanguage":"pt-PT"},{"@type":"Organization","@id":"https:\/\/fabricadaspeugas.com\/#organization","name":"F\u00e1brica das Pe\u00fagas\u00ae","url":"https:\/\/fabricadaspeugas.com\/","logo":{"@type":"ImageObject","inLanguage":"pt-PT","@id":"https:\/\/fabricadaspeugas.com\/#\/schema\/logo\/image\/","url":"https:\/\/fabricadaspeugas.com\/wp-content\/uploads\/2025\/05\/fabrica_das_peugas_logov3.png","contentUrl":"https:\/\/fabricadaspeugas.com\/wp-content\/uploads\/2025\/05\/fabrica_das_peugas_logov3.png","width":200,"height":121,"caption":"F\u00e1brica das Pe\u00fagas\u00ae"},"image":{"@id":"https:\/\/fabricadaspeugas.com\/#\/schema\/logo\/image\/"},"sameAs":["https:\/\/www.facebook.com\/fabricadaspeugas","https:\/\/www.instagram.com\/fabrica.das.peugas\/"]},{"@type":"Person","@id":"https:\/\/fabricadaspeugas.com\/#\/schema\/person\/71fc0f2aac2735e0b74f453faa94c9bd","name":"F\u00e1brica das Pe\u00fagas","image":{"@type":"ImageObject","inLanguage":"pt-PT","@id":"https:\/\/secure.gravatar.com\/avatar\/def4556a8b729127fd8d645ec0e76496b71d2e96904b76a77d5b509317ff4749?s=96&d=mm&r=g","url":"https:\/\/secure.gravatar.com\/avatar\/def4556a8b729127fd8d645ec0e76496b71d2e96904b76a77d5b509317ff4749?s=96&d=mm&r=g","contentUrl":"https:\/\/secure.gravatar.com\/avatar\/def4556a8b729127fd8d645ec0e76496b71d2e96904b76a77d5b509317ff4749?s=96&d=mm&r=g","caption":"F\u00e1brica das Pe\u00fagas"},"sameAs":["https:\/\/fabricadaspeugas.com"]}]}},"_links":{"self":[{"href":"https:\/\/fabricadaspeugas.com\/pt_pt\/wp-json\/wp\/v2\/posts\/9794","targetHints":{"allow":["GET"]}}],"collection":[{"href":"https:\/\/fabricadaspeugas.com\/pt_pt\/wp-json\/wp\/v2\/posts"}],"about":[{"href":"https:\/\/fabricadaspeugas.com\/pt_pt\/wp-json\/wp\/v2\/types\/post"}],"author":[{"embeddable":true,"href":"https:\/\/fabricadaspeugas.com\/pt_pt\/wp-json\/wp\/v2\/users\/1"}],"replies":[{"embeddable":true,"href":"https:\/\/fabricadaspeugas.com\/pt_pt\/wp-json\/wp\/v2\/comments?post=9794"}],"version-history":[{"count":0,"href":"https:\/\/fabricadaspeugas.com\/pt_pt\/wp-json\/wp\/v2\/posts\/9794\/revisions"}],"wp:featuredmedia":[{"embeddable":true,"href":"https:\/\/fabricadaspeugas.com\/pt_pt\/wp-json\/wp\/v2\/media\/9795"}],"wp:attachment":[{"href":"https:\/\/fabricadaspeugas.com\/pt_pt\/wp-json\/wp\/v2\/media?parent=9794"}],"wp:term":[{"taxonomy":"category","embeddable":true,"href":"https:\/\/fabricadaspeugas.com\/pt_pt\/wp-json\/wp\/v2\/categories?post=9794"},{"taxonomy":"post_tag","embeddable":true,"href":"https:\/\/fabricadaspeugas.com\/pt_pt\/wp-json\/wp\/v2\/tags?post=9794"}],"curies":[{"name":"wp","href":"https:\/\/api.w.org\/{rel}","templated":true}]}}